{"id":613,"date":"2014-12-09T07:45:46","date_gmt":"2014-12-09T07:45:46","guid":{"rendered":"http:\/\/www.educaplanet.com\/educaplanet\/?p=613"},"modified":"2017-06-26T16:00:20","modified_gmt":"2017-06-26T15:00:20","slug":"citas-educacion","status":"publish","type":"post","link":"https:\/\/www.educaplanet.com\/educaplanet_test\/2014\/12\/citas-educacion\/","title":{"rendered":"Citas educaci\u00f3n"},"content":{"rendered":"<h1>Citas educativas: si nos segu\u00eds en <a href=\"https:\/\/www.facebook.com\/educaplanet\" target=\"_blank\" rel=\"noopener noreferrer\"><strong>Facebook<\/strong> <\/a>o en <strong><a href=\"https:\/\/twitter.com\/Educaplanet_es\" target=\"_blank\" rel=\"noopener noreferrer\">Twitter<\/a>\u00a0<\/strong>sabr\u00e9is que nos gusta publicar citas\u00a0sobre educaci\u00f3n, aprendizaje y lectura.<\/h1>\n<p>A continuaci\u00f3n pod\u00e9is ver una recopilaci\u00f3n de \u00a0las que hemos ido compartiendo durante los \u00faltimos meses.<\/p>\n<h2>Las citas o frases sobre educaci\u00f3n son una manera fant\u00e1stica de motivar e inspirar \u00a0a educadores, profesores y tambi\u00e9n padres o madres interesados en la educaci\u00f3n de sus hijos.<\/h2>\n<p>Es una filosof\u00eda de vida: no importa qu\u00e9 tan despacio aprende un ni\u00f1o. Importa que no dejemos de apoyarle para que siga aprendiendo.<\/p>\n<p style=\"text-align: center;\"><a href=\"http:\/\/www.educaplanet.com\/educaplanet\/wp-content\/uploads\/2014\/12\/aprender-despacio.png\" rel=\"wp-prettyPhoto[613]\"><img loading=\"lazy\" decoding=\"async\" class=\"alignnone size-medium wp-image-2610\" src=\"http:\/\/www.educaplanet.com\/educaplanet\/wp-content\/uploads\/2014\/12\/aprender-despacio-300x300.png\" alt=\"aprender despacio no es importante citas educacion\" width=\"300\" height=\"300\" srcset=\"https:\/\/www.educaplanet.com\/educaplanet_test\/wp-content\/uploads\/2014\/12\/aprender-despacio-300x300.png 300w, https:\/\/www.educaplanet.com\/educaplanet_test\/wp-content\/uploads\/2014\/12\/aprender-despacio-100x100.png 100w, https:\/\/www.educaplanet.com\/educaplanet_test\/wp-content\/uploads\/2014\/12\/aprender-despacio-150x150.png 150w, https:\/\/www.educaplanet.com\/educaplanet_test\/wp-content\/uploads\/2014\/12\/aprender-despacio.png 404w\" sizes=\"auto, (max-width: 300px) 100vw, 300px\" \/><\/a><\/p>\n<blockquote><p>Nos gusta la superaci\u00f3n que demostr\u00f3 <strong>Temple Grandin<\/strong> y nos gusta esta frase suya: hay que hacer m\u00e1s \u00e9nfasis en lo que un ni\u00f1o puede hacer en vez de los que no puede.<\/p><\/blockquote>\n<p><img loading=\"lazy\" decoding=\"async\" class=\"aligncenter size-medium wp-image-1789\" src=\"http:\/\/www.educaplanet.com\/educaplanet\/wp-content\/uploads\/2014\/12\/temple-grandin-300x300.png\" alt=\"temple grandin citas educaci\u00f3n\" width=\"300\" height=\"300\" srcset=\"https:\/\/www.educaplanet.com\/educaplanet_test\/wp-content\/uploads\/2014\/12\/temple-grandin-300x300.png 300w, https:\/\/www.educaplanet.com\/educaplanet_test\/wp-content\/uploads\/2014\/12\/temple-grandin-100x100.png 100w, https:\/\/www.educaplanet.com\/educaplanet_test\/wp-content\/uploads\/2014\/12\/temple-grandin-150x150.png 150w, https:\/\/www.educaplanet.com\/educaplanet_test\/wp-content\/uploads\/2014\/12\/temple-grandin.png 402w\" sizes=\"auto, (max-width: 300px) 100vw, 300px\" \/><\/p>\n<blockquote><p>De esta cita no hemos encontrado el autor, pero estamos totalmente de acuerdo: Leer no engorda, pone a dieta la ignorancia.<img loading=\"lazy\" decoding=\"async\" class=\"aligncenter size-medium wp-image-1561\" src=\"http:\/\/www.educaplanet.com\/educaplanet\/wp-content\/uploads\/2014\/12\/leer-no-engorda-300x300.png\" alt=\"Leer no engorda cita \" width=\"300\" height=\"300\" srcset=\"https:\/\/www.educaplanet.com\/educaplanet_test\/wp-content\/uploads\/2014\/12\/leer-no-engorda-300x300.png 300w, https:\/\/www.educaplanet.com\/educaplanet_test\/wp-content\/uploads\/2014\/12\/leer-no-engorda-100x100.png 100w, https:\/\/www.educaplanet.com\/educaplanet_test\/wp-content\/uploads\/2014\/12\/leer-no-engorda-150x150.png 150w, https:\/\/www.educaplanet.com\/educaplanet_test\/wp-content\/uploads\/2014\/12\/leer-no-engorda.png 404w\" sizes=\"auto, (max-width: 300px) 100vw, 300px\" \/><\/p>\n<p>V\u00edctor Hugo: Aprender a leer es encender un fuego, cada s\u00edlaba es una chispa.<\/p><\/blockquote>\n<p><img loading=\"lazy\" decoding=\"async\" class=\"aligncenter size-medium wp-image-1531\" src=\"http:\/\/www.educaplanet.com\/educaplanet\/wp-content\/uploads\/2014\/12\/victor-hugo-leer-300x300.png\" alt=\"victor hugo leer\" width=\"300\" height=\"300\" srcset=\"https:\/\/www.educaplanet.com\/educaplanet_test\/wp-content\/uploads\/2014\/12\/victor-hugo-leer-300x300.png 300w, https:\/\/www.educaplanet.com\/educaplanet_test\/wp-content\/uploads\/2014\/12\/victor-hugo-leer-100x100.png 100w, https:\/\/www.educaplanet.com\/educaplanet_test\/wp-content\/uploads\/2014\/12\/victor-hugo-leer-150x150.png 150w, https:\/\/www.educaplanet.com\/educaplanet_test\/wp-content\/uploads\/2014\/12\/victor-hugo-leer.png 402w\" sizes=\"auto, (max-width: 300px) 100vw, 300px\" \/><\/p>\n<blockquote><p>Una cita de Henry Ford, fundador\u00a0de la Ford Motor Company.<\/p><\/blockquote>\n<p><img loading=\"lazy\" decoding=\"async\" class=\"aligncenter size-medium wp-image-1465\" src=\"http:\/\/www.educaplanet.com\/educaplanet\/wp-content\/uploads\/2014\/12\/ford-aprendiendo-educaplanet-300x300.png\" alt=\"Henry Ford Aprender Citas\" width=\"300\" height=\"300\" srcset=\"https:\/\/www.educaplanet.com\/educaplanet_test\/wp-content\/uploads\/2014\/12\/ford-aprendiendo-educaplanet-300x300.png 300w, https:\/\/www.educaplanet.com\/educaplanet_test\/wp-content\/uploads\/2014\/12\/ford-aprendiendo-educaplanet-100x100.png 100w, https:\/\/www.educaplanet.com\/educaplanet_test\/wp-content\/uploads\/2014\/12\/ford-aprendiendo-educaplanet-150x150.png 150w, https:\/\/www.educaplanet.com\/educaplanet_test\/wp-content\/uploads\/2014\/12\/ford-aprendiendo-educaplanet.png 404w\" sizes=\"auto, (max-width: 300px) 100vw, 300px\" \/><\/p>\n<p>&nbsp;<\/p>\n<h3>\u00bfCu\u00e1l ech\u00e1is en falta? Pod\u00e9is dejar vuestra opini\u00f3n al final del art\u00edculo. No os perd\u00e1is las actualizaciones de nuestras redes sociales\u00a0porque all\u00ed hemos publicado muchas m\u00e1s.<\/h3>\n<blockquote><p>Una cita del fil\u00f3sofo, pedagogo y psic\u00f3logo norteamericano John Dewey:\u00a0Lo\u00a0ideal\u00a0no\u00a0es\u00a0que\u00a0un\u00a0ni\u00f1o\u00a0acumule\u00a0conocimientos,\u00a0sino\u00a0que\u00a0desarrolle\u00a0capacidad.<\/p><\/blockquote>\n<div id=\"attachment_1453\" style=\"width: 310px\" class=\"wp-caption aligncenter\"><img loading=\"lazy\" decoding=\"async\" aria-describedby=\"caption-attachment-1453\" class=\"size-medium wp-image-1453\" src=\"http:\/\/www.educaplanet.com\/educaplanet\/wp-content\/uploads\/2014\/12\/JohnDewey-capacidad-300x300.png\" alt=\"John Dewey ni\u00f1os conocimientos\" width=\"300\" height=\"300\" srcset=\"https:\/\/www.educaplanet.com\/educaplanet_test\/wp-content\/uploads\/2014\/12\/JohnDewey-capacidad-300x300.png 300w, https:\/\/www.educaplanet.com\/educaplanet_test\/wp-content\/uploads\/2014\/12\/JohnDewey-capacidad-100x100.png 100w, https:\/\/www.educaplanet.com\/educaplanet_test\/wp-content\/uploads\/2014\/12\/JohnDewey-capacidad-150x150.png 150w, https:\/\/www.educaplanet.com\/educaplanet_test\/wp-content\/uploads\/2014\/12\/JohnDewey-capacidad.png 404w\" sizes=\"auto, (max-width: 300px) 100vw, 300px\" \/><p id=\"caption-attachment-1453\" class=\"wp-caption-text\">Citas relacionadas con la educaci\u00f3n<\/p><\/div>\n<blockquote><p>William Allin: La educaci\u00f3n no es la respuesta a la pregunta. Es el medio para encontrar la respuesta a todas las preguntas.<\/p><\/blockquote>\n<p><img loading=\"lazy\" decoding=\"async\" class=\"aligncenter size-medium wp-image-1319\" src=\"http:\/\/www.educaplanet.com\/educaplanet\/wp-content\/uploads\/2014\/12\/Allin-educacion-respuesta-preguntas-300x300.png\" alt=\"William Allin citas quotes educaci\u00f3n\" width=\"300\" height=\"300\" srcset=\"https:\/\/www.educaplanet.com\/educaplanet_test\/wp-content\/uploads\/2014\/12\/Allin-educacion-respuesta-preguntas-300x300.png 300w, https:\/\/www.educaplanet.com\/educaplanet_test\/wp-content\/uploads\/2014\/12\/Allin-educacion-respuesta-preguntas-100x100.png 100w, https:\/\/www.educaplanet.com\/educaplanet_test\/wp-content\/uploads\/2014\/12\/Allin-educacion-respuesta-preguntas-150x150.png 150w, https:\/\/www.educaplanet.com\/educaplanet_test\/wp-content\/uploads\/2014\/12\/Allin-educacion-respuesta-preguntas.png 504w\" sizes=\"auto, (max-width: 300px) 100vw, 300px\" \/><\/p>\n<blockquote><p><em>Henry Brook Adams: Un maestro afecta a la eternidad; nadie puede decir d\u00f3nde termina su influencia.<\/em><\/p><\/blockquote>\n<p><a href=\"http:\/\/www.educaplanet.com\/educaplanet\/wp-content\/uploads\/2014\/11\/Adams_maestro-afecta-a-la-eternidad_educaplanet_EB.png\" rel=\"wp-prettyPhoto[613]\"><img loading=\"lazy\" decoding=\"async\" class=\"aligncenter size-medium wp-image-614\" src=\"http:\/\/www.educaplanet.com\/educaplanet\/wp-content\/uploads\/2014\/11\/Adams_maestro-afecta-a-la-eternidad_educaplanet_EB-300x300.png\" alt=\"Cita Educaci\u00f3n H. Brooks Adams\" width=\"300\" height=\"300\" srcset=\"https:\/\/www.educaplanet.com\/educaplanet_test\/wp-content\/uploads\/2014\/11\/Adams_maestro-afecta-a-la-eternidad_educaplanet_EB-300x300.png 300w, https:\/\/www.educaplanet.com\/educaplanet_test\/wp-content\/uploads\/2014\/11\/Adams_maestro-afecta-a-la-eternidad_educaplanet_EB-100x100.png 100w, https:\/\/www.educaplanet.com\/educaplanet_test\/wp-content\/uploads\/2014\/11\/Adams_maestro-afecta-a-la-eternidad_educaplanet_EB-150x150.png 150w, https:\/\/www.educaplanet.com\/educaplanet_test\/wp-content\/uploads\/2014\/11\/Adams_maestro-afecta-a-la-eternidad_educaplanet_EB.png 404w\" sizes=\"auto, (max-width: 300px) 100vw, 300px\" \/><\/a><\/p>\n<p>&nbsp;<\/p>\n<blockquote><p>Louis Pasteur: No evites a los ni\u00f1os las dificultades, ens\u00e9\u00f1ales a superarlas.<\/p><\/blockquote>\n<p>&nbsp;<\/p>\n<p><img loading=\"lazy\" decoding=\"async\" class=\"aligncenter size-medium wp-image-1320\" src=\"http:\/\/www.educaplanet.com\/educaplanet\/wp-content\/uploads\/2014\/12\/Pasteur-superar-300x300.png\" alt=\"Pasteur cita dificultades ni\u00f1os \" width=\"300\" height=\"300\" srcset=\"https:\/\/www.educaplanet.com\/educaplanet_test\/wp-content\/uploads\/2014\/12\/Pasteur-superar-300x300.png 300w, https:\/\/www.educaplanet.com\/educaplanet_test\/wp-content\/uploads\/2014\/12\/Pasteur-superar-100x100.png 100w, https:\/\/www.educaplanet.com\/educaplanet_test\/wp-content\/uploads\/2014\/12\/Pasteur-superar-150x150.png 150w, https:\/\/www.educaplanet.com\/educaplanet_test\/wp-content\/uploads\/2014\/12\/Pasteur-superar.png 504w\" sizes=\"auto, (max-width: 300px) 100vw, 300px\" \/><\/p>\n<blockquote><p><em>Anton Ch\u00e9jov: La sabidur\u00eda no viene de la edad, sino a partir de la educaci\u00f3n y el aprendizaje.<\/em><a href=\"http:\/\/www.educaplanet.com\/educaplanet\/wp-content\/uploads\/2014\/11\/borges_Grin_educaplaneteva.png\" rel=\"wp-prettyPhoto[613]\"><br \/>\n<\/a> <a href=\"http:\/\/www.educaplanet.com\/educaplanet\/wp-content\/uploads\/2014\/11\/Chejov_sabiduria_educacion_educaplanet_EB.png\" rel=\"wp-prettyPhoto[613]\"><img loading=\"lazy\" decoding=\"async\" class=\"aligncenter size-medium wp-image-616\" src=\"http:\/\/www.educaplanet.com\/educaplanet\/wp-content\/uploads\/2014\/11\/Chejov_sabiduria_educacion_educaplanet_EB-300x300.png\" alt=\"Cita educaci\u00f3n Anton Ch\u00e9jov\" width=\"300\" height=\"300\" srcset=\"https:\/\/www.educaplanet.com\/educaplanet_test\/wp-content\/uploads\/2014\/11\/Chejov_sabiduria_educacion_educaplanet_EB-300x300.png 300w, https:\/\/www.educaplanet.com\/educaplanet_test\/wp-content\/uploads\/2014\/11\/Chejov_sabiduria_educacion_educaplanet_EB-100x100.png 100w, https:\/\/www.educaplanet.com\/educaplanet_test\/wp-content\/uploads\/2014\/11\/Chejov_sabiduria_educacion_educaplanet_EB-150x150.png 150w, https:\/\/www.educaplanet.com\/educaplanet_test\/wp-content\/uploads\/2014\/11\/Chejov_sabiduria_educacion_educaplanet_EB.png 404w\" sizes=\"auto, (max-width: 300px) 100vw, 300px\" \/><\/a><\/p><\/blockquote>\n<p>&nbsp;<\/p>\n<blockquote><p><em>Mahatma Gandhi: Vive como si fueras a morir ma\u00f1ana. Aprende como si fueras a vivir siempre.<\/em><\/p><\/blockquote>\n<p><a href=\"http:\/\/www.educaplanet.com\/educaplanet\/wp-content\/uploads\/2014\/11\/gandhi_vivve-como-si-fueras-a-morir-manana-aprende-como-si-.png\" rel=\"wp-prettyPhoto[613]\"><img loading=\"lazy\" decoding=\"async\" class=\"aligncenter size-medium wp-image-617\" src=\"http:\/\/www.educaplanet.com\/educaplanet\/wp-content\/uploads\/2014\/11\/gandhi_vivve-como-si-fueras-a-morir-manana-aprende-como-si--300x300.png\" alt=\"Cita Educaci\u00f3n Gandhi\" width=\"300\" height=\"300\" srcset=\"https:\/\/www.educaplanet.com\/educaplanet_test\/wp-content\/uploads\/2014\/11\/gandhi_vivve-como-si-fueras-a-morir-manana-aprende-como-si--300x300.png 300w, https:\/\/www.educaplanet.com\/educaplanet_test\/wp-content\/uploads\/2014\/11\/gandhi_vivve-como-si-fueras-a-morir-manana-aprende-como-si--100x100.png 100w, https:\/\/www.educaplanet.com\/educaplanet_test\/wp-content\/uploads\/2014\/11\/gandhi_vivve-como-si-fueras-a-morir-manana-aprende-como-si--150x150.png 150w, https:\/\/www.educaplanet.com\/educaplanet_test\/wp-content\/uploads\/2014\/11\/gandhi_vivve-como-si-fueras-a-morir-manana-aprende-como-si-.png 404w\" sizes=\"auto, (max-width: 300px) 100vw, 300px\" \/><\/a><\/p>\n<p>&nbsp;<\/p>\n<blockquote><p><em>JFK: Los ni\u00f1os son el recurso m\u00e1s importante del mundo y la mejor esperanza para el futuro.<\/em><\/p><\/blockquote>\n<p><a href=\"http:\/\/www.educaplanet.com\/educaplanet\/wp-content\/uploads\/2014\/11\/jfk_frases_educaplanet_ninos.png\" rel=\"wp-prettyPhoto[613]\"><img loading=\"lazy\" decoding=\"async\" class=\"aligncenter size-medium wp-image-618\" src=\"http:\/\/www.educaplanet.com\/educaplanet\/wp-content\/uploads\/2014\/11\/jfk_frases_educaplanet_ninos-300x300.png\" alt=\"Cita educaci\u00f3n JFK la mejor esperanza de futuro\" width=\"300\" height=\"300\" srcset=\"https:\/\/www.educaplanet.com\/educaplanet_test\/wp-content\/uploads\/2014\/11\/jfk_frases_educaplanet_ninos-300x300.png 300w, https:\/\/www.educaplanet.com\/educaplanet_test\/wp-content\/uploads\/2014\/11\/jfk_frases_educaplanet_ninos-100x100.png 100w, https:\/\/www.educaplanet.com\/educaplanet_test\/wp-content\/uploads\/2014\/11\/jfk_frases_educaplanet_ninos-150x150.png 150w, https:\/\/www.educaplanet.com\/educaplanet_test\/wp-content\/uploads\/2014\/11\/jfk_frases_educaplanet_ninos.png 404w\" sizes=\"auto, (max-width: 300px) 100vw, 300px\" \/><\/a><\/p>\n<p>&nbsp;<\/p>\n<blockquote><p><em>Neil Gaiman: Tenemos la obligaci\u00f3n de leer en voz alta a nuestros hijos. De leerles cosas que les gusten. Leerles historias de las que ya estamos cansados. De interpretar voces distintas para hacer el cuento interesante y no parar de leerles tan solo porque ya hayan aprendido a hacerlo solos. Emplea ese momento de la lectura en voz alta para crear un momento de uni\u00f3n, un momento en que los m\u00f3viles no se miran y en el que las distracciones del mundo son dejadas de lado.<\/em><a href=\"http:\/\/www.educaplanet.com\/educaplanet\/wp-content\/uploads\/2014\/11\/neilgaiman_educaplanet_lectura.png\" rel=\"wp-prettyPhoto[613]\"><img loading=\"lazy\" decoding=\"async\" class=\"aligncenter wp-image-619\" src=\"http:\/\/www.educaplanet.com\/educaplanet\/wp-content\/uploads\/2014\/11\/neilgaiman_educaplanet_lectura-192x300.png\" alt=\"Cita educacaci\u00f3n de Neil Gaiman\" width=\"260\" height=\"405\" srcset=\"https:\/\/www.educaplanet.com\/educaplanet_test\/wp-content\/uploads\/2014\/11\/neilgaiman_educaplanet_lectura-192x300.png 192w, https:\/\/www.educaplanet.com\/educaplanet_test\/wp-content\/uploads\/2014\/11\/neilgaiman_educaplanet_lectura.png 501w\" sizes=\"auto, (max-width: 260px) 100vw, 260px\" \/><\/a><\/p>\n<p><em>Jorge Luis Borges: El verbo leer, como el verbo amar y el verbo so\u00f1ar, no soporta el modo imperativo. La lectura debe ser una de las formas de la felicidad y no se puede obligar a nadie a ser feliz.<\/em><\/p><\/blockquote>\n<p><img loading=\"lazy\" decoding=\"async\" class=\"aligncenter wp-image-615\" src=\"http:\/\/www.educaplanet.com\/educaplanet\/wp-content\/uploads\/2014\/11\/borges_Grin_educaplaneteva-192x300.png\" alt=\"Cita Educaci\u00f3n Borges\" width=\"250\" height=\"389\" srcset=\"https:\/\/www.educaplanet.com\/educaplanet_test\/wp-content\/uploads\/2014\/11\/borges_Grin_educaplaneteva-192x300.png 192w, https:\/\/www.educaplanet.com\/educaplanet_test\/wp-content\/uploads\/2014\/11\/borges_Grin_educaplaneteva.png 500w\" sizes=\"auto, (max-width: 250px) 100vw, 250px\" \/><\/p>\n<blockquote>\n<p style=\"text-align: center;\"><em>Gunter Grass: No hay espect\u00e1culo m\u00e1s hermoso que la mirada de un ni\u00f1o que lee.<\/em><\/p>\n<\/blockquote>\n<p><a href=\"http:\/\/www.educaplanet.com\/educaplanet\/wp-content\/uploads\/2014\/12\/Grass_nino_lee_educaplanet.png\" rel=\"wp-prettyPhoto[613]\"><img loading=\"lazy\" decoding=\"async\" class=\"aligncenter size-medium wp-image-870\" src=\"http:\/\/www.educaplanet.com\/educaplanet\/wp-content\/uploads\/2014\/12\/Grass_nino_lee_educaplanet-300x300.png\" alt=\"Cita lectura Gunter Grass Leer\" width=\"300\" height=\"300\" srcset=\"https:\/\/www.educaplanet.com\/educaplanet_test\/wp-content\/uploads\/2014\/12\/Grass_nino_lee_educaplanet-300x300.png 300w, https:\/\/www.educaplanet.com\/educaplanet_test\/wp-content\/uploads\/2014\/12\/Grass_nino_lee_educaplanet-100x100.png 100w, https:\/\/www.educaplanet.com\/educaplanet_test\/wp-content\/uploads\/2014\/12\/Grass_nino_lee_educaplanet-150x150.png 150w, https:\/\/www.educaplanet.com\/educaplanet_test\/wp-content\/uploads\/2014\/12\/Grass_nino_lee_educaplanet.png 504w\" sizes=\"auto, (max-width: 300px) 100vw, 300px\" \/><\/a><\/p>\n<p>&nbsp;<\/p>\n<p><em>\u00bfC\u00f3mo ser\u00e1n los analfabetos del siglo XXI? No ser\u00e1n aquellos que no sepan leer y escribir, sino aquellos que no sepan aprender, desaprender y reaprender. Alvin Toffler<\/em><\/p>\n<p><a href=\"http:\/\/www.educaplanet.com\/educaplanet\/wp-content\/uploads\/2014\/12\/analfabetos_sxxi_educaplanet_quotes.png\" rel=\"wp-prettyPhoto[613]\"><img loading=\"lazy\" decoding=\"async\" class=\"aligncenter wp-image-914 size-medium\" src=\"http:\/\/www.educaplanet.com\/educaplanet\/wp-content\/uploads\/2014\/12\/analfabetos_sxxi_educaplanet_quotes-300x300.png\" alt=\"analfabetos_sxxi_educaplanet_quotes\" width=\"300\" height=\"300\" srcset=\"https:\/\/www.educaplanet.com\/educaplanet_test\/wp-content\/uploads\/2014\/12\/analfabetos_sxxi_educaplanet_quotes-300x300.png 300w, https:\/\/www.educaplanet.com\/educaplanet_test\/wp-content\/uploads\/2014\/12\/analfabetos_sxxi_educaplanet_quotes-100x100.png 100w, https:\/\/www.educaplanet.com\/educaplanet_test\/wp-content\/uploads\/2014\/12\/analfabetos_sxxi_educaplanet_quotes-150x150.png 150w, https:\/\/www.educaplanet.com\/educaplanet_test\/wp-content\/uploads\/2014\/12\/analfabetos_sxxi_educaplanet_quotes.png 504w\" sizes=\"auto, (max-width: 300px) 100vw, 300px\" \/><\/a><\/p>\n<p>&nbsp;<\/p>\n<blockquote><p>De Steve Wozniak: Lo que ense\u00f1as no es lo importante, sino c\u00f3mo lo ense\u00f1as.<\/p>\n<p><img loading=\"lazy\" decoding=\"async\" class=\"aligncenter size-medium wp-image-1126\" src=\"http:\/\/www.educaplanet.com\/educaplanet\/wp-content\/uploads\/2014\/12\/wozniak_importante_como_ense\u00f1as-273x300.png\" alt=\"Wozniak cita importante c\u00f3mo ense\u00f1as\" width=\"273\" height=\"300\" srcset=\"https:\/\/www.educaplanet.com\/educaplanet_test\/wp-content\/uploads\/2014\/12\/wozniak_importante_como_ense\u00f1as-273x300.png 273w, https:\/\/www.educaplanet.com\/educaplanet_test\/wp-content\/uploads\/2014\/12\/wozniak_importante_como_ense\u00f1as.png 504w\" sizes=\"auto, (max-width: 273px) 100vw, 273px\" \/><\/p><\/blockquote>\n","protected":false},"excerpt":{"rendered":"<p>Citas educativas: si nos segu\u00eds en Facebook o en Twitter\u00a0sabr\u00e9is que nos gusta publicar citas\u00a0sobre educaci\u00f3n, aprendizaje y lectura. A continuaci\u00f3n pod\u00e9is ver una recopilaci\u00f3n de \u00a0las que hemos ido compartiendo durante los \u00faltimos meses. Las citas o frases sobre educaci\u00f3n son una manera fant\u00e1stica de motivar e inspirar \u00a0a educadores, profesores y tambi\u00e9n padres o madres interesados en la educaci\u00f3n de sus hijos. Es una filosof\u00eda de vida: no importa qu\u00e9 tan despacio aprende un ni\u00f1o. Importa que no dejemos de apoyarle para que siga aprendiendo. Nos gusta la superaci\u00f3n que demostr\u00f3 Temple Grandin y nos gusta esta frase<\/p>\n","protected":false},"author":3,"featured_media":2610,"comment_status":"open","ping_status":"open","sticky":false,"template":"","format":"standard","meta":{"_monsterinsights_skip_tracking":false,"_monsterinsights_sitenote_active":false,"_monsterinsights_sitenote_note":"","_monsterinsights_sitenote_category":0,"footnotes":""},"categories":[2],"tags":[108,5],"class_list":["post-613","post","type-post","status-publish","format-standard","has-post-thumbnail","hentry","category-blog","tag-citas","tag-educacion"],"yoast_head":"<!-- This site is optimized with the Yoast SEO plugin v27.2 - https:\/\/yoast.com\/product\/yoast-seo-wordpress\/ -->\n<title>Citas sobre educaci\u00f3n<\/title>\n<meta name=\"description\" content=\"Citas y frases sobre educaci\u00f3n, joyitas de sabidur\u00eda que nos ayudan a reflexionar y que nos motivan e inspiran en la vida diaria.\" \/>\n<meta name=\"robots\" content=\"index, follow, max-snippet:-1, max-image-preview:large, max-video-preview:-1\" \/>\n<link rel=\"canonical\" href=\"https:\/\/www.educaplanet.com\/educaplanet_test\/2014\/12\/citas-educacion\/\" \/>\n<meta property=\"og:locale\" content=\"es_ES\" \/>\n<meta property=\"og:type\" content=\"article\" \/>\n<meta property=\"og:title\" content=\"Citas sobre educaci\u00f3n\" \/>\n<meta property=\"og:description\" content=\"Citas y frases sobre educaci\u00f3n, joyitas de sabidur\u00eda que nos ayudan a reflexionar y que nos motivan e inspiran en la vida diaria.\" \/>\n<meta property=\"og:url\" content=\"https:\/\/www.educaplanet.com\/educaplanet_test\/2014\/12\/citas-educacion\/\" \/>\n<meta property=\"og:site_name\" content=\"EDUCAPLANET APPS\" \/>\n<meta property=\"article:publisher\" content=\"https:\/\/www.facebook.com\/educaplanet\" \/>\n<meta property=\"article:published_time\" content=\"2014-12-09T07:45:46+00:00\" \/>\n<meta property=\"article:modified_time\" content=\"2017-06-26T15:00:20+00:00\" \/>\n<meta property=\"og:image\" content=\"https:\/\/www.educaplanet.com\/educaplanet_test\/wp-content\/uploads\/2014\/12\/aprender-despacio.png\" \/>\n\t<meta property=\"og:image:width\" content=\"404\" \/>\n\t<meta property=\"og:image:height\" content=\"405\" \/>\n\t<meta property=\"og:image:type\" content=\"image\/png\" \/>\n<meta name=\"author\" content=\"Eva Barcelo\" \/>\n<meta name=\"twitter:card\" content=\"summary_large_image\" \/>\n<meta name=\"twitter:creator\" content=\"@educaplanet_es\" \/>\n<meta name=\"twitter:site\" content=\"@educaplanet_es\" \/>\n<meta name=\"twitter:label1\" content=\"Escrito por\" \/>\n\t<meta name=\"twitter:data1\" content=\"Eva Barcelo\" \/>\n\t<meta name=\"twitter:label2\" content=\"Tiempo de lectura\" \/>\n\t<meta name=\"twitter:data2\" content=\"3 minutos\" \/>\n<script type=\"application\/ld+json\" class=\"yoast-schema-graph\">{\"@context\":\"https:\/\/schema.org\",\"@graph\":[{\"@type\":\"Article\",\"@id\":\"https:\/\/www.educaplanet.com\/educaplanet_test\/2014\/12\/citas-educacion\/#article\",\"isPartOf\":{\"@id\":\"https:\/\/www.educaplanet.com\/educaplanet_test\/2014\/12\/citas-educacion\/\"},\"author\":{\"name\":\"Eva Barcelo\",\"@id\":\"https:\/\/www.educaplanet.com\/educaplanet_test\/#\/schema\/person\/43493de36350d8d33e5073054db37704\"},\"headline\":\"Citas educaci\u00f3n\",\"datePublished\":\"2014-12-09T07:45:46+00:00\",\"dateModified\":\"2017-06-26T15:00:20+00:00\",\"mainEntityOfPage\":{\"@id\":\"https:\/\/www.educaplanet.com\/educaplanet_test\/2014\/12\/citas-educacion\/\"},\"wordCount\":575,\"commentCount\":1,\"image\":{\"@id\":\"https:\/\/www.educaplanet.com\/educaplanet_test\/2014\/12\/citas-educacion\/#primaryimage\"},\"thumbnailUrl\":\"https:\/\/www.educaplanet.com\/educaplanet_test\/wp-content\/uploads\/2014\/12\/aprender-despacio.png\",\"keywords\":[\"citas\",\"Educaci\u00f3n\"],\"articleSection\":[\"blog\"],\"inLanguage\":\"es\",\"potentialAction\":[{\"@type\":\"CommentAction\",\"name\":\"Comment\",\"target\":[\"https:\/\/www.educaplanet.com\/educaplanet_test\/2014\/12\/citas-educacion\/#respond\"]}]},{\"@type\":\"WebPage\",\"@id\":\"https:\/\/www.educaplanet.com\/educaplanet_test\/2014\/12\/citas-educacion\/\",\"url\":\"https:\/\/www.educaplanet.com\/educaplanet_test\/2014\/12\/citas-educacion\/\",\"name\":\"Citas sobre educaci\u00f3n\",\"isPartOf\":{\"@id\":\"https:\/\/www.educaplanet.com\/educaplanet_test\/#website\"},\"primaryImageOfPage\":{\"@id\":\"https:\/\/www.educaplanet.com\/educaplanet_test\/2014\/12\/citas-educacion\/#primaryimage\"},\"image\":{\"@id\":\"https:\/\/www.educaplanet.com\/educaplanet_test\/2014\/12\/citas-educacion\/#primaryimage\"},\"thumbnailUrl\":\"https:\/\/www.educaplanet.com\/educaplanet_test\/wp-content\/uploads\/2014\/12\/aprender-despacio.png\",\"datePublished\":\"2014-12-09T07:45:46+00:00\",\"dateModified\":\"2017-06-26T15:00:20+00:00\",\"author\":{\"@id\":\"https:\/\/www.educaplanet.com\/educaplanet_test\/#\/schema\/person\/43493de36350d8d33e5073054db37704\"},\"description\":\"Citas y frases sobre educaci\u00f3n, joyitas de sabidur\u00eda que nos ayudan a reflexionar y que nos motivan e inspiran en la vida diaria.\",\"breadcrumb\":{\"@id\":\"https:\/\/www.educaplanet.com\/educaplanet_test\/2014\/12\/citas-educacion\/#breadcrumb\"},\"inLanguage\":\"es\",\"potentialAction\":[{\"@type\":\"ReadAction\",\"target\":[\"https:\/\/www.educaplanet.com\/educaplanet_test\/2014\/12\/citas-educacion\/\"]}]},{\"@type\":\"ImageObject\",\"inLanguage\":\"es\",\"@id\":\"https:\/\/www.educaplanet.com\/educaplanet_test\/2014\/12\/citas-educacion\/#primaryimage\",\"url\":\"https:\/\/www.educaplanet.com\/educaplanet_test\/wp-content\/uploads\/2014\/12\/aprender-despacio.png\",\"contentUrl\":\"https:\/\/www.educaplanet.com\/educaplanet_test\/wp-content\/uploads\/2014\/12\/aprender-despacio.png\",\"width\":404,\"height\":405,\"caption\":\"aprender despacio no es importante citas educacion\"},{\"@type\":\"BreadcrumbList\",\"@id\":\"https:\/\/www.educaplanet.com\/educaplanet_test\/2014\/12\/citas-educacion\/#breadcrumb\",\"itemListElement\":[{\"@type\":\"ListItem\",\"position\":1,\"name\":\"Portada\",\"item\":\"https:\/\/www.educaplanet.com\/educaplanet_test\/\"},{\"@type\":\"ListItem\",\"position\":2,\"name\":\"Citas educaci\u00f3n\"}]},{\"@type\":\"WebSite\",\"@id\":\"https:\/\/www.educaplanet.com\/educaplanet_test\/#website\",\"url\":\"https:\/\/www.educaplanet.com\/educaplanet_test\/\",\"name\":\"EDUCAPLANET APPS\",\"description\":\"Apps y juegos educativos para ni\u00f1os y ni\u00f1as\",\"potentialAction\":[{\"@type\":\"SearchAction\",\"target\":{\"@type\":\"EntryPoint\",\"urlTemplate\":\"https:\/\/www.educaplanet.com\/educaplanet_test\/?s={search_term_string}\"},\"query-input\":{\"@type\":\"PropertyValueSpecification\",\"valueRequired\":true,\"valueName\":\"search_term_string\"}}],\"inLanguage\":\"es\"},{\"@type\":\"Person\",\"@id\":\"https:\/\/www.educaplanet.com\/educaplanet_test\/#\/schema\/person\/43493de36350d8d33e5073054db37704\",\"name\":\"Eva Barcelo\",\"image\":{\"@type\":\"ImageObject\",\"inLanguage\":\"es\",\"@id\":\"https:\/\/secure.gravatar.com\/avatar\/ce1f42f6660f7d8447f6eaae150d56647e8f0dcdb844a3bd5fe1e630df457fd6?s=96&d=mm&r=g\",\"url\":\"https:\/\/secure.gravatar.com\/avatar\/ce1f42f6660f7d8447f6eaae150d56647e8f0dcdb844a3bd5fe1e630df457fd6?s=96&d=mm&r=g\",\"contentUrl\":\"https:\/\/secure.gravatar.com\/avatar\/ce1f42f6660f7d8447f6eaae150d56647e8f0dcdb844a3bd5fe1e630df457fd6?s=96&d=mm&r=g\",\"caption\":\"Eva Barcelo\"},\"sameAs\":[\"http:\/\/www.evabarcelo.com\"]}]}<\/script>\n<!-- \/ Yoast SEO plugin. -->","yoast_head_json":{"title":"Citas sobre educaci\u00f3n","description":"Citas y frases sobre educaci\u00f3n, joyitas de sabidur\u00eda que nos ayudan a reflexionar y que nos motivan e inspiran en la vida diaria.","robots":{"index":"index","follow":"follow","max-snippet":"max-snippet:-1","max-image-preview":"max-image-preview:large","max-video-preview":"max-video-preview:-1"},"canonical":"https:\/\/www.educaplanet.com\/educaplanet_test\/2014\/12\/citas-educacion\/","og_locale":"es_ES","og_type":"article","og_title":"Citas sobre educaci\u00f3n","og_description":"Citas y frases sobre educaci\u00f3n, joyitas de sabidur\u00eda que nos ayudan a reflexionar y que nos motivan e inspiran en la vida diaria.","og_url":"https:\/\/www.educaplanet.com\/educaplanet_test\/2014\/12\/citas-educacion\/","og_site_name":"EDUCAPLANET APPS","article_publisher":"https:\/\/www.facebook.com\/educaplanet","article_published_time":"2014-12-09T07:45:46+00:00","article_modified_time":"2017-06-26T15:00:20+00:00","og_image":[{"width":404,"height":405,"url":"https:\/\/www.educaplanet.com\/educaplanet_test\/wp-content\/uploads\/2014\/12\/aprender-despacio.png","type":"image\/png"}],"author":"Eva Barcelo","twitter_card":"summary_large_image","twitter_creator":"@educaplanet_es","twitter_site":"@educaplanet_es","twitter_misc":{"Escrito por":"Eva Barcelo","Tiempo de lectura":"3 minutos"},"schema":{"@context":"https:\/\/schema.org","@graph":[{"@type":"Article","@id":"https:\/\/www.educaplanet.com\/educaplanet_test\/2014\/12\/citas-educacion\/#article","isPartOf":{"@id":"https:\/\/www.educaplanet.com\/educaplanet_test\/2014\/12\/citas-educacion\/"},"author":{"name":"Eva Barcelo","@id":"https:\/\/www.educaplanet.com\/educaplanet_test\/#\/schema\/person\/43493de36350d8d33e5073054db37704"},"headline":"Citas educaci\u00f3n","datePublished":"2014-12-09T07:45:46+00:00","dateModified":"2017-06-26T15:00:20+00:00","mainEntityOfPage":{"@id":"https:\/\/www.educaplanet.com\/educaplanet_test\/2014\/12\/citas-educacion\/"},"wordCount":575,"commentCount":1,"image":{"@id":"https:\/\/www.educaplanet.com\/educaplanet_test\/2014\/12\/citas-educacion\/#primaryimage"},"thumbnailUrl":"https:\/\/www.educaplanet.com\/educaplanet_test\/wp-content\/uploads\/2014\/12\/aprender-despacio.png","keywords":["citas","Educaci\u00f3n"],"articleSection":["blog"],"inLanguage":"es","potentialAction":[{"@type":"CommentAction","name":"Comment","target":["https:\/\/www.educaplanet.com\/educaplanet_test\/2014\/12\/citas-educacion\/#respond"]}]},{"@type":"WebPage","@id":"https:\/\/www.educaplanet.com\/educaplanet_test\/2014\/12\/citas-educacion\/","url":"https:\/\/www.educaplanet.com\/educaplanet_test\/2014\/12\/citas-educacion\/","name":"Citas sobre educaci\u00f3n","isPartOf":{"@id":"https:\/\/www.educaplanet.com\/educaplanet_test\/#website"},"primaryImageOfPage":{"@id":"https:\/\/www.educaplanet.com\/educaplanet_test\/2014\/12\/citas-educacion\/#primaryimage"},"image":{"@id":"https:\/\/www.educaplanet.com\/educaplanet_test\/2014\/12\/citas-educacion\/#primaryimage"},"thumbnailUrl":"https:\/\/www.educaplanet.com\/educaplanet_test\/wp-content\/uploads\/2014\/12\/aprender-despacio.png","datePublished":"2014-12-09T07:45:46+00:00","dateModified":"2017-06-26T15:00:20+00:00","author":{"@id":"https:\/\/www.educaplanet.com\/educaplanet_test\/#\/schema\/person\/43493de36350d8d33e5073054db37704"},"description":"Citas y frases sobre educaci\u00f3n, joyitas de sabidur\u00eda que nos ayudan a reflexionar y que nos motivan e inspiran en la vida diaria.","breadcrumb":{"@id":"https:\/\/www.educaplanet.com\/educaplanet_test\/2014\/12\/citas-educacion\/#breadcrumb"},"inLanguage":"es","potentialAction":[{"@type":"ReadAction","target":["https:\/\/www.educaplanet.com\/educaplanet_test\/2014\/12\/citas-educacion\/"]}]},{"@type":"ImageObject","inLanguage":"es","@id":"https:\/\/www.educaplanet.com\/educaplanet_test\/2014\/12\/citas-educacion\/#primaryimage","url":"https:\/\/www.educaplanet.com\/educaplanet_test\/wp-content\/uploads\/2014\/12\/aprender-despacio.png","contentUrl":"https:\/\/www.educaplanet.com\/educaplanet_test\/wp-content\/uploads\/2014\/12\/aprender-despacio.png","width":404,"height":405,"caption":"aprender despacio no es importante citas educacion"},{"@type":"BreadcrumbList","@id":"https:\/\/www.educaplanet.com\/educaplanet_test\/2014\/12\/citas-educacion\/#breadcrumb","itemListElement":[{"@type":"ListItem","position":1,"name":"Portada","item":"https:\/\/www.educaplanet.com\/educaplanet_test\/"},{"@type":"ListItem","position":2,"name":"Citas educaci\u00f3n"}]},{"@type":"WebSite","@id":"https:\/\/www.educaplanet.com\/educaplanet_test\/#website","url":"https:\/\/www.educaplanet.com\/educaplanet_test\/","name":"EDUCAPLANET APPS","description":"Apps y juegos educativos para ni\u00f1os y ni\u00f1as","potentialAction":[{"@type":"SearchAction","target":{"@type":"EntryPoint","urlTemplate":"https:\/\/www.educaplanet.com\/educaplanet_test\/?s={search_term_string}"},"query-input":{"@type":"PropertyValueSpecification","valueRequired":true,"valueName":"search_term_string"}}],"inLanguage":"es"},{"@type":"Person","@id":"https:\/\/www.educaplanet.com\/educaplanet_test\/#\/schema\/person\/43493de36350d8d33e5073054db37704","name":"Eva Barcelo","image":{"@type":"ImageObject","inLanguage":"es","@id":"https:\/\/secure.gravatar.com\/avatar\/ce1f42f6660f7d8447f6eaae150d56647e8f0dcdb844a3bd5fe1e630df457fd6?s=96&d=mm&r=g","url":"https:\/\/secure.gravatar.com\/avatar\/ce1f42f6660f7d8447f6eaae150d56647e8f0dcdb844a3bd5fe1e630df457fd6?s=96&d=mm&r=g","contentUrl":"https:\/\/secure.gravatar.com\/avatar\/ce1f42f6660f7d8447f6eaae150d56647e8f0dcdb844a3bd5fe1e630df457fd6?s=96&d=mm&r=g","caption":"Eva Barcelo"},"sameAs":["http:\/\/www.evabarcelo.com"]}]}},"_links":{"self":[{"href":"https:\/\/www.educaplanet.com\/educaplanet_test\/wp-json\/wp\/v2\/posts\/613","targetHints":{"allow":["GET"]}}],"collection":[{"href":"https:\/\/www.educaplanet.com\/educaplanet_test\/wp-json\/wp\/v2\/posts"}],"about":[{"href":"https:\/\/www.educaplanet.com\/educaplanet_test\/wp-json\/wp\/v2\/types\/post"}],"author":[{"embeddable":true,"href":"https:\/\/www.educaplanet.com\/educaplanet_test\/wp-json\/wp\/v2\/users\/3"}],"replies":[{"embeddable":true,"href":"https:\/\/www.educaplanet.com\/educaplanet_test\/wp-json\/wp\/v2\/comments?post=613"}],"version-history":[{"count":3,"href":"https:\/\/www.educaplanet.com\/educaplanet_test\/wp-json\/wp\/v2\/posts\/613\/revisions"}],"predecessor-version":[{"id":2611,"href":"https:\/\/www.educaplanet.com\/educaplanet_test\/wp-json\/wp\/v2\/posts\/613\/revisions\/2611"}],"wp:featuredmedia":[{"embeddable":true,"href":"https:\/\/www.educaplanet.com\/educaplanet_test\/wp-json\/wp\/v2\/media\/2610"}],"wp:attachment":[{"href":"https:\/\/www.educaplanet.com\/educaplanet_test\/wp-json\/wp\/v2\/media?parent=613"}],"wp:term":[{"taxonomy":"category","embeddable":true,"href":"https:\/\/www.educaplanet.com\/educaplanet_test\/wp-json\/wp\/v2\/categories?post=613"},{"taxonomy":"post_tag","embeddable":true,"href":"https:\/\/www.educaplanet.com\/educaplanet_test\/wp-json\/wp\/v2\/tags?post=613"}],"curies":[{"name":"wp","href":"https:\/\/api.w.org\/{rel}","templated":true}]}}